{"id":3148,"date":"2026-03-06T11:58:10","date_gmt":"2026-03-06T10:58:10","guid":{"rendered":"https:\/\/www.gsheli.de\/?p=3148"},"modified":"2026-03-06T13:12:33","modified_gmt":"2026-03-06T12:12:33","slug":"erste-hilfe-ag-macht-uebungswochenende-auf-dem-meissner","status":"publish","type":"post","link":"https:\/\/www.gsheli.de\/?p=3148","title":{"rendered":"Erste Hilfe-AG verbringt ein \u00dcbungswochenende auf dem Mei\u00dfner"},"content":{"rendered":"<p class=\"x_MsoNormal\">Mitte Februar verbrachten einige Sch\u00fcler und Sch\u00fclerinnen aus zwei Grundschulen unter der Leitung von Herrn Ludwig vom DRK ein \u00dcbungswochenende\u00a0 im Jugenddorf auf dem Mei\u00dfner. Unterst\u00fctzt wurden sie von Schulsanit\u00e4terinnen und Schulsanit\u00e4tern der Freiherr-vom-Stein Schule.<\/p>\n<p class=\"x_MsoNormal\">Echt aussehende Wunden wurden zum Beispiel zuerst fachm\u00e4nnisch geschminkt und mit Kunstblut begossen, um sie dann unter diesen \u201eerschwerten\u201c Bedingungen zu verbinden. Au\u00dferdem wurde eine Herz-Lungen-Wiederbelebung ge\u00fcbt. Besonders aufregend war hier das Benutzen eines AED (automatischer externer Defibrilator).<\/p>\n<p class=\"x_MsoNormal\">Nat\u00fcrlich kamen auch Spiel und\u00a0 Spa\u00df nicht zu kurz.<\/p>\n<p class=\"x_MsoNormal\"><img loading=\"lazy\" decoding=\"async\" class=\"alignnone size-medium wp-image-3147\" src=\"https:\/\/www.gsheli.de\/wp-content\/uploads\/2026\/03\/3-600x450.jpeg\" alt=\"\" width=\"600\" height=\"450\" srcset=\"https:\/\/www.gsheli.de\/wp-content\/uploads\/2026\/03\/3-600x450.jpeg 600w, https:\/\/www.gsheli.de\/wp-content\/uploads\/2026\/03\/3-1024x768.jpeg 1024w, https:\/\/www.gsheli.de\/wp-content\/uploads\/2026\/03\/3-768x576.jpeg 768w, https:\/\/www.gsheli.de\/wp-content\/uploads\/2026\/03\/3.jpeg 1280w\" sizes=\"auto, (max-width: 600px) 100vw, 600px\" \/><img loading=\"lazy\" decoding=\"async\" class=\"alignnone size-medium wp-image-3146\" src=\"https:\/\/www.gsheli.de\/wp-content\/uploads\/2026\/03\/2-600x450.jpeg\" alt=\"\" width=\"600\" height=\"450\" srcset=\"https:\/\/www.gsheli.de\/wp-content\/uploads\/2026\/03\/2-600x450.jpeg 600w, https:\/\/www.gsheli.de\/wp-content\/uploads\/2026\/03\/2-1024x768.jpeg 1024w, https:\/\/www.gsheli.de\/wp-content\/uploads\/2026\/03\/2-768x576.jpeg 768w, https:\/\/www.gsheli.de\/wp-content\/uploads\/2026\/03\/2.jpeg 1280w\" sizes=\"auto, (max-width: 600px) 100vw, 600px\" \/><img loading=\"lazy\" decoding=\"async\" class=\"alignnone size-medium wp-image-3145\" src=\"https:\/\/www.gsheli.de\/wp-content\/uploads\/2026\/03\/1-450x600.jpeg\" alt=\"\" width=\"450\" height=\"600\" srcset=\"https:\/\/www.gsheli.de\/wp-content\/uploads\/2026\/03\/1-450x600.jpeg 450w, https:\/\/www.gsheli.de\/wp-content\/uploads\/2026\/03\/1-768x1024.jpeg 768w, https:\/\/www.gsheli.de\/wp-content\/uploads\/2026\/03\/1.jpeg 960w\" sizes=\"auto, (max-width: 450px) 100vw, 450px\" \/><\/p>\n","protected":false},"excerpt":{"rendered":"<p>Mitte Februar verbrachten einige Sch\u00fcler und Sch\u00fclerinnen aus zwei Grundschulen unter der Leitung von Herrn Ludwig vom DRK ein \u00dcbungswochenende\u00a0 im Jugenddorf auf dem Mei\u00dfner. Unterst\u00fctzt wurden sie von Schulsanit\u00e4terinnen und Schulsanit\u00e4tern der Freiherr-vom-Stein Schule. Echt aussehende Wunden wurden zum Beispiel zuerst fachm\u00e4nnisch geschminkt und mit Kunstblut begossen, um sie dann unter diesen \u201eerschwerten\u201c Bedingungen &hellip; <a href=\"https:\/\/www.gsheli.de\/?p=3148\" class=\"more-link\"><span class=\"screen-reader-text\">Erste Hilfe-AG verbringt ein \u00dcbungswochenende auf dem Mei\u00dfner<\/span> weiterlesen <span class=\"meta-nav\">&rarr;<\/span><\/a><\/p>\n","protected":false},"author":4,"featured_media":0,"comment_status":"closed","ping_status":"open","sticky":false,"template":"","format":"standard","meta":{"_bbp_topic_count":0,"_bbp_reply_count":0,"_bbp_total_topic_count":0,"_bbp_total_reply_count":0,"_bbp_voice_count":0,"_bbp_anonymous_reply_count":0,"_bbp_topic_count_hidden":0,"_bbp_reply_count_hidden":0,"_bbp_forum_subforum_count":0,"_crdt_document":"","footnotes":""},"categories":[1],"tags":[],"class_list":["post-3148","post","type-post","status-publish","format-standard","hentry","category-allgemein"],"yoast_head":"<!-- This site is optimized with the Yoast SEO plugin v27.5 - https:\/\/yoast.com\/product\/yoast-seo-wordpress\/ -->\n<title>Erste Hilfe-AG verbringt ein \u00dcbungswochenende auf dem Mei\u00dfner - Grundschule Hessisch Lichtenau<\/title>\n<meta name=\"robots\" content=\"index, follow, max-snippet:-1, max-image-preview:large, max-video-preview:-1\" \/>\n<link rel=\"canonical\" href=\"https:\/\/www.gsheli.de\/?p=3148\" class=\"yoast-seo-meta-tag\" \/>\n<meta property=\"og:locale\" content=\"de_DE\" class=\"yoast-seo-meta-tag\" \/>\n<meta property=\"og:type\" content=\"article\" class=\"yoast-seo-meta-tag\" \/>\n<meta property=\"og:title\" content=\"Erste Hilfe-AG verbringt ein \u00dcbungswochenende auf dem Mei\u00dfner - Grundschule Hessisch Lichtenau\" class=\"yoast-seo-meta-tag\" \/>\n<meta property=\"og:description\" content=\"Mitte Februar verbrachten einige Sch\u00fcler und Sch\u00fclerinnen aus zwei Grundschulen unter der Leitung von Herrn Ludwig vom DRK ein \u00dcbungswochenende\u00a0 im Jugenddorf auf dem Mei\u00dfner. Unterst\u00fctzt wurden sie von Schulsanit\u00e4terinnen und Schulsanit\u00e4tern der Freiherr-vom-Stein Schule. Echt aussehende Wunden wurden zum Beispiel zuerst fachm\u00e4nnisch geschminkt und mit Kunstblut begossen, um sie dann unter diesen \u201eerschwerten\u201c Bedingungen &hellip; Erste Hilfe-AG verbringt ein \u00dcbungswochenende auf dem Mei\u00dfner weiterlesen &rarr;\" class=\"yoast-seo-meta-tag\" \/>\n<meta property=\"og:url\" content=\"https:\/\/www.gsheli.de\/?p=3148\" class=\"yoast-seo-meta-tag\" \/>\n<meta property=\"og:site_name\" content=\"Grundschule Hessisch Lichtenau\" class=\"yoast-seo-meta-tag\" \/>\n<meta property=\"article:published_time\" content=\"2026-03-06T10:58:10+00:00\" class=\"yoast-seo-meta-tag\" \/>\n<meta property=\"article:modified_time\" content=\"2026-03-06T12:12:33+00:00\" class=\"yoast-seo-meta-tag\" \/>\n<meta property=\"og:image\" content=\"https:\/\/www.gsheli.de\/wp-content\/uploads\/2026\/03\/3.jpeg\" class=\"yoast-seo-meta-tag\" \/>\n\t<meta property=\"og:image:width\" content=\"1280\" class=\"yoast-seo-meta-tag\" \/>\n\t<meta property=\"og:image:height\" content=\"960\" class=\"yoast-seo-meta-tag\" \/>\n\t<meta property=\"og:image:type\" content=\"image\/jpeg\" class=\"yoast-seo-meta-tag\" \/>\n<meta name=\"author\" content=\"Sandra Kalthoff\" class=\"yoast-seo-meta-tag\" \/>\n<meta name=\"twitter:card\" content=\"summary_large_image\" class=\"yoast-seo-meta-tag\" \/>\n<meta name=\"twitter:label1\" content=\"Verfasst von\" class=\"yoast-seo-meta-tag\" \/>\n\t<meta name=\"twitter:data1\" content=\"Sandra Kalthoff\" class=\"yoast-seo-meta-tag\" \/>\n\t<meta name=\"twitter:label2\" content=\"Gesch\u00e4tzte Lesezeit\" class=\"yoast-seo-meta-tag\" \/>\n\t<meta name=\"twitter:data2\" content=\"2\u00a0Minuten\" class=\"yoast-seo-meta-tag\" \/>\n<script type=\"application\/ld+json\" class=\"yoast-schema-graph\">{\"@context\":\"https:\\\/\\\/schema.org\",\"@graph\":[{\"@type\":\"Article\",\"@id\":\"https:\\\/\\\/www.gsheli.de\\\/?p=3148#article\",\"isPartOf\":{\"@id\":\"https:\\\/\\\/www.gsheli.de\\\/?p=3148\"},\"author\":{\"name\":\"Sandra Kalthoff\",\"@id\":\"https:\\\/\\\/www.gsheli.de\\\/#\\\/schema\\\/person\\\/2df674ba084d7cc66f3efbd0f2f24dc2\"},\"headline\":\"Erste Hilfe-AG verbringt ein \u00dcbungswochenende auf dem Mei\u00dfner\",\"datePublished\":\"2026-03-06T10:58:10+00:00\",\"dateModified\":\"2026-03-06T12:12:33+00:00\",\"mainEntityOfPage\":{\"@id\":\"https:\\\/\\\/www.gsheli.de\\\/?p=3148\"},\"wordCount\":101,\"image\":{\"@id\":\"https:\\\/\\\/www.gsheli.de\\\/?p=3148#primaryimage\"},\"thumbnailUrl\":\"https:\\\/\\\/www.gsheli.de\\\/wp-content\\\/uploads\\\/2026\\\/03\\\/3-600x450.jpeg\",\"inLanguage\":\"de\"},{\"@type\":\"WebPage\",\"@id\":\"https:\\\/\\\/www.gsheli.de\\\/?p=3148\",\"url\":\"https:\\\/\\\/www.gsheli.de\\\/?p=3148\",\"name\":\"Erste Hilfe-AG verbringt ein \u00dcbungswochenende auf dem Mei\u00dfner - Grundschule Hessisch Lichtenau\",\"isPartOf\":{\"@id\":\"https:\\\/\\\/www.gsheli.de\\\/#website\"},\"primaryImageOfPage\":{\"@id\":\"https:\\\/\\\/www.gsheli.de\\\/?p=3148#primaryimage\"},\"image\":{\"@id\":\"https:\\\/\\\/www.gsheli.de\\\/?p=3148#primaryimage\"},\"thumbnailUrl\":\"https:\\\/\\\/www.gsheli.de\\\/wp-content\\\/uploads\\\/2026\\\/03\\\/3-600x450.jpeg\",\"datePublished\":\"2026-03-06T10:58:10+00:00\",\"dateModified\":\"2026-03-06T12:12:33+00:00\",\"author\":{\"@id\":\"https:\\\/\\\/www.gsheli.de\\\/#\\\/schema\\\/person\\\/2df674ba084d7cc66f3efbd0f2f24dc2\"},\"breadcrumb\":{\"@id\":\"https:\\\/\\\/www.gsheli.de\\\/?p=3148#breadcrumb\"},\"inLanguage\":\"de\",\"potentialAction\":[{\"@type\":\"ReadAction\",\"target\":[\"https:\\\/\\\/www.gsheli.de\\\/?p=3148\"]}]},{\"@type\":\"ImageObject\",\"inLanguage\":\"de\",\"@id\":\"https:\\\/\\\/www.gsheli.de\\\/?p=3148#primaryimage\",\"url\":\"https:\\\/\\\/www.gsheli.de\\\/wp-content\\\/uploads\\\/2026\\\/03\\\/3.jpeg\",\"contentUrl\":\"https:\\\/\\\/www.gsheli.de\\\/wp-content\\\/uploads\\\/2026\\\/03\\\/3.jpeg\",\"width\":1280,\"height\":960},{\"@type\":\"BreadcrumbList\",\"@id\":\"https:\\\/\\\/www.gsheli.de\\\/?p=3148#breadcrumb\",\"itemListElement\":[{\"@type\":\"ListItem\",\"position\":1,\"name\":\"Startseite\",\"item\":\"https:\\\/\\\/www.gsheli.de\\\/\"},{\"@type\":\"ListItem\",\"position\":2,\"name\":\"Erste Hilfe-AG verbringt ein \u00dcbungswochenende auf dem Mei\u00dfner\"}]},{\"@type\":\"WebSite\",\"@id\":\"https:\\\/\\\/www.gsheli.de\\\/#website\",\"url\":\"https:\\\/\\\/www.gsheli.de\\\/\",\"name\":\"Grundschule Hessisch Lichtenau\",\"description\":\"\",\"potentialAction\":[{\"@type\":\"SearchAction\",\"target\":{\"@type\":\"EntryPoint\",\"urlTemplate\":\"https:\\\/\\\/www.gsheli.de\\\/?s={search_term_string}\"},\"query-input\":{\"@type\":\"PropertyValueSpecification\",\"valueRequired\":true,\"valueName\":\"search_term_string\"}}],\"inLanguage\":\"de\"},{\"@type\":\"Person\",\"@id\":\"https:\\\/\\\/www.gsheli.de\\\/#\\\/schema\\\/person\\\/2df674ba084d7cc66f3efbd0f2f24dc2\",\"name\":\"Sandra Kalthoff\",\"sameAs\":[\"http:\\\/\\\/www.gsheli.de\"],\"url\":\"https:\\\/\\\/www.gsheli.de\\\/?author=4\"}]}<\/script>\n<!-- \/ Yoast SEO plugin. -->","yoast_head_json":{"title":"Erste Hilfe-AG verbringt ein \u00dcbungswochenende auf dem Mei\u00dfner - Grundschule Hessisch Lichtenau","robots":{"index":"index","follow":"follow","max-snippet":"max-snippet:-1","max-image-preview":"max-image-preview:large","max-video-preview":"max-video-preview:-1"},"canonical":"https:\/\/www.gsheli.de\/?p=3148","og_locale":"de_DE","og_type":"article","og_title":"Erste Hilfe-AG verbringt ein \u00dcbungswochenende auf dem Mei\u00dfner - Grundschule Hessisch Lichtenau","og_description":"Mitte Februar verbrachten einige Sch\u00fcler und Sch\u00fclerinnen aus zwei Grundschulen unter der Leitung von Herrn Ludwig vom DRK ein \u00dcbungswochenende\u00a0 im Jugenddorf auf dem Mei\u00dfner. Unterst\u00fctzt wurden sie von Schulsanit\u00e4terinnen und Schulsanit\u00e4tern der Freiherr-vom-Stein Schule. Echt aussehende Wunden wurden zum Beispiel zuerst fachm\u00e4nnisch geschminkt und mit Kunstblut begossen, um sie dann unter diesen \u201eerschwerten\u201c Bedingungen &hellip; Erste Hilfe-AG verbringt ein \u00dcbungswochenende auf dem Mei\u00dfner weiterlesen &rarr;","og_url":"https:\/\/www.gsheli.de\/?p=3148","og_site_name":"Grundschule Hessisch Lichtenau","article_published_time":"2026-03-06T10:58:10+00:00","article_modified_time":"2026-03-06T12:12:33+00:00","og_image":[{"width":1280,"height":960,"url":"https:\/\/www.gsheli.de\/wp-content\/uploads\/2026\/03\/3.jpeg","type":"image\/jpeg"}],"author":"Sandra Kalthoff","twitter_card":"summary_large_image","twitter_misc":{"Verfasst von":"Sandra Kalthoff","Gesch\u00e4tzte Lesezeit":"2\u00a0Minuten"},"schema":{"@context":"https:\/\/schema.org","@graph":[{"@type":"Article","@id":"https:\/\/www.gsheli.de\/?p=3148#article","isPartOf":{"@id":"https:\/\/www.gsheli.de\/?p=3148"},"author":{"name":"Sandra Kalthoff","@id":"https:\/\/www.gsheli.de\/#\/schema\/person\/2df674ba084d7cc66f3efbd0f2f24dc2"},"headline":"Erste Hilfe-AG verbringt ein \u00dcbungswochenende auf dem Mei\u00dfner","datePublished":"2026-03-06T10:58:10+00:00","dateModified":"2026-03-06T12:12:33+00:00","mainEntityOfPage":{"@id":"https:\/\/www.gsheli.de\/?p=3148"},"wordCount":101,"image":{"@id":"https:\/\/www.gsheli.de\/?p=3148#primaryimage"},"thumbnailUrl":"https:\/\/www.gsheli.de\/wp-content\/uploads\/2026\/03\/3-600x450.jpeg","inLanguage":"de"},{"@type":"WebPage","@id":"https:\/\/www.gsheli.de\/?p=3148","url":"https:\/\/www.gsheli.de\/?p=3148","name":"Erste Hilfe-AG verbringt ein \u00dcbungswochenende auf dem Mei\u00dfner - Grundschule Hessisch Lichtenau","isPartOf":{"@id":"https:\/\/www.gsheli.de\/#website"},"primaryImageOfPage":{"@id":"https:\/\/www.gsheli.de\/?p=3148#primaryimage"},"image":{"@id":"https:\/\/www.gsheli.de\/?p=3148#primaryimage"},"thumbnailUrl":"https:\/\/www.gsheli.de\/wp-content\/uploads\/2026\/03\/3-600x450.jpeg","datePublished":"2026-03-06T10:58:10+00:00","dateModified":"2026-03-06T12:12:33+00:00","author":{"@id":"https:\/\/www.gsheli.de\/#\/schema\/person\/2df674ba084d7cc66f3efbd0f2f24dc2"},"breadcrumb":{"@id":"https:\/\/www.gsheli.de\/?p=3148#breadcrumb"},"inLanguage":"de","potentialAction":[{"@type":"ReadAction","target":["https:\/\/www.gsheli.de\/?p=3148"]}]},{"@type":"ImageObject","inLanguage":"de","@id":"https:\/\/www.gsheli.de\/?p=3148#primaryimage","url":"https:\/\/www.gsheli.de\/wp-content\/uploads\/2026\/03\/3.jpeg","contentUrl":"https:\/\/www.gsheli.de\/wp-content\/uploads\/2026\/03\/3.jpeg","width":1280,"height":960},{"@type":"BreadcrumbList","@id":"https:\/\/www.gsheli.de\/?p=3148#breadcrumb","itemListElement":[{"@type":"ListItem","position":1,"name":"Startseite","item":"https:\/\/www.gsheli.de\/"},{"@type":"ListItem","position":2,"name":"Erste Hilfe-AG verbringt ein \u00dcbungswochenende auf dem Mei\u00dfner"}]},{"@type":"WebSite","@id":"https:\/\/www.gsheli.de\/#website","url":"https:\/\/www.gsheli.de\/","name":"Grundschule Hessisch Lichtenau","description":"","potentialAction":[{"@type":"SearchAction","target":{"@type":"EntryPoint","urlTemplate":"https:\/\/www.gsheli.de\/?s={search_term_string}"},"query-input":{"@type":"PropertyValueSpecification","valueRequired":true,"valueName":"search_term_string"}}],"inLanguage":"de"},{"@type":"Person","@id":"https:\/\/www.gsheli.de\/#\/schema\/person\/2df674ba084d7cc66f3efbd0f2f24dc2","name":"Sandra Kalthoff","sameAs":["http:\/\/www.gsheli.de"],"url":"https:\/\/www.gsheli.de\/?author=4"}]}},"jetpack_featured_media_url":"","_links":{"self":[{"href":"https:\/\/www.gsheli.de\/index.php?rest_route=\/wp\/v2\/posts\/3148","targetHints":{"allow":["GET"]}}],"collection":[{"href":"https:\/\/www.gsheli.de\/index.php?rest_route=\/wp\/v2\/posts"}],"about":[{"href":"https:\/\/www.gsheli.de\/index.php?rest_route=\/wp\/v2\/types\/post"}],"author":[{"embeddable":true,"href":"https:\/\/www.gsheli.de\/index.php?rest_route=\/wp\/v2\/users\/4"}],"replies":[{"embeddable":true,"href":"https:\/\/www.gsheli.de\/index.php?rest_route=%2Fwp%2Fv2%2Fcomments&post=3148"}],"version-history":[{"count":4,"href":"https:\/\/www.gsheli.de\/index.php?rest_route=\/wp\/v2\/posts\/3148\/revisions"}],"predecessor-version":[{"id":3160,"href":"https:\/\/www.gsheli.de\/index.php?rest_route=\/wp\/v2\/posts\/3148\/revisions\/3160"}],"wp:attachment":[{"href":"https:\/\/www.gsheli.de\/index.php?rest_route=%2Fwp%2Fv2%2Fmedia&parent=3148"}],"wp:term":[{"taxonomy":"category","embeddable":true,"href":"https:\/\/www.gsheli.de\/index.php?rest_route=%2Fwp%2Fv2%2Fcategories&post=3148"},{"taxonomy":"post_tag","embeddable":true,"href":"https:\/\/www.gsheli.de\/index.php?rest_route=%2Fwp%2Fv2%2Ftags&post=3148"}],"curies":[{"name":"wp","href":"https:\/\/api.w.org\/{rel}","templated":true}]}}